{"id":9004,"date":"2023-06-12T13:34:23","date_gmt":"2023-06-12T13:34:23","guid":{"rendered":"https:\/\/csiaradar.com\/?p=9004"},"modified":"2023-06-12T13:34:23","modified_gmt":"2023-06-12T13:34:23","slug":"el-cibercrimen-costara-105-trillones-de-euros-en-2025","status":"publish","type":"post","link":"https:\/\/csiaradar.com\/es\/el-cibercrimen-costara-105-trillones-de-euros-en-2025\/","title":{"rendered":"\u201cEl cibercrimen costar\u00e1 10,5 trillones de euros en 2025\u201d"},"content":{"rendered":"<ul>\n<li aria-level=\"1\"><b>Mar\u00eda Jes\u00fas Almazor, CEO Ciberseguridad y Cloud de Telef\u00f3nica Tech: \u201cSi el cibercrimen fuera un pa\u00eds, ser\u00eda la tercera econom\u00eda mundial\u201d.<\/b><\/li>\n<\/ul>\n<ul>\n<li aria-level=\"1\"><b>\u00a0\u201cSe detectan 1.700 ciberataques por segundo en el mundo\u201d, afirma Almazor.\u00a0<\/b><\/li>\n<\/ul>\n<p>Hoy ha arrancado <b>\u2018CSI Radar\u2019<\/b>, en el Palacio de Exposiciones y Congresos de Sevilla (FIBES). El arranque de la jornada inaugural ha contado con <b>Mar\u00eda Jes\u00fas Almazor<\/b>, CEO de Ciberseguridad y Cloud de <b>Telef\u00f3nica Tech;<\/b> con <b>Gabriel Gonz\u00e1lez<\/b>, del <b>Ministerio Fiscal; <\/b>y con el Comandante<b> Teodoro L\u00f3pez Amador<\/b> de la <b>UME<\/b>. Tambi\u00e9n ha intervenido en la ceremonia inaugural\u00a0 <b>Francisco Javier P\u00e1ez<\/b>, Teniente de Alcalde del <b>Ayuntamiento de Sevilla<\/b>. Por su parte <b>Antonio Sanz<\/b>, Consejero de la Presidencia de la <b>Junta de Andaluc\u00eda<\/b>, ha querido compartir un video mensaje con los asistentes.<\/p>\n<p><b>\u00a0<\/b><b>\u201cSe detectan 1.700 ciberataques por segundo en el mundo\u201d<\/b><\/p>\n<p>Uno de los principales atractivos ha sido la participaci\u00f3n de <b>Mar\u00eda Jes\u00fas Almazor<\/b>, CEO de Ciberseguridad y Cloud de <b>Telef\u00f3nica Tech<\/b>, quien ha abordado la <b>resiliencia en la construcci\u00f3n del futuro en los negocios.<\/b> \u201cLa <b>ciberresiliencia <\/b>es la capacidad que tienen las empresas de anticipar, prevenir, resistir y recuperarse tras un ciberataque\u201d, destacando que \u201cel nivel de respuesta es la diferencia de las empresas que van a subsistir con las que no\u201d en el futuro.<\/p>\n<p><img loading=\"lazy\" decoding=\"async\" class=\"aligncenter wp-image-9010 size-large\" src=\"https:\/\/csiaradar.com\/web\/wp-content\/uploads\/2023\/06\/WhatsApp-Image-2023-06-12-at-12.42.02-1024x684.jpeg\" alt=\"\" width=\"1024\" height=\"684\" srcset=\"https:\/\/csiaradar.com\/web\/wp-content\/uploads\/2023\/06\/WhatsApp-Image-2023-06-12-at-12.42.02-1024x684.jpeg 1024w, https:\/\/csiaradar.com\/web\/wp-content\/uploads\/2023\/06\/WhatsApp-Image-2023-06-12-at-12.42.02-300x200.jpeg 300w, https:\/\/csiaradar.com\/web\/wp-content\/uploads\/2023\/06\/WhatsApp-Image-2023-06-12-at-12.42.02-768x513.jpeg 768w, https:\/\/csiaradar.com\/web\/wp-content\/uploads\/2023\/06\/WhatsApp-Image-2023-06-12-at-12.42.02-1536x1027.jpeg 1536w, https:\/\/csiaradar.com\/web\/wp-content\/uploads\/2023\/06\/WhatsApp-Image-2023-06-12-at-12.42.02.jpeg 1616w\" sizes=\"auto, (max-width: 1024px) 100vw, 1024px\" \/><\/p>\n<p>Almazor ha dado datos escalofriantes sobre ciberataques al asegurar que \u201cse producen <b>1.700 ataques inform\u00e1ticos por segundo en el mundo<\/b>\u201d, mientras que \u201cel coste del <b>cibercrimen<\/b> ser\u00e1 de <b>10,5 trillones de euros para 2025<\/b>\u201d. Adem\u00e1s, \u201csi el <b>cibercrimen fuera un pa\u00eds, ser\u00eda la tercera econom\u00eda mundial s\u00f3lo por detr\u00e1s de EEUU y China\u201d.<\/b><\/p>\n<p><b>\u201cLa Junta va a destinar 17 millones de euros para la detecci\u00f3n de los ciberincidentes\u201d<\/b><\/p>\n<p><b>Antonio Sanz<\/b>, Consejero de la Presidencia de la <b>Junta de Andaluc\u00eda<\/b>, ha querido destacar a trav\u00e9s de un v\u00eddeo mensaje que el objetivo es \u201c<b>convertir a Andaluc\u00eda en un referente en ciberseguridad <\/b>y para ello hay que fomentar la cultura en este sector\u201d. La Junta va a destinar \u201c17 millones de euros para la detecci\u00f3n de los ciberincidentes, no s\u00f3lo detecci\u00f3n, sino detenci\u00f3n de un ataque\u201d.<\/p>\n<p>Por su parte, <b>Francisco Javier P\u00e1ez<\/b>, Teniente de Alcalde y Delegado de Econom\u00eda, Comercio y Turismo del <b>Ayuntamiento de Sevilla<\/b>, no ha dejado pasar la ocasi\u00f3n para destacar que con <b>eventos como este<\/b> \u201cSevilla une su nombre al <b>futuro<\/b>, desde el punto de vista de la sostenibilidad e innovaci\u00f3n\u201d.<\/p>\n<p><img loading=\"lazy\" decoding=\"async\" class=\"aligncenter wp-image-9012 size-large\" src=\"https:\/\/csiaradar.com\/web\/wp-content\/uploads\/2023\/06\/WhatsApp-Image-2023-06-12-at-12.21.13-1024x684.jpeg\" alt=\"\" width=\"1024\" height=\"684\" srcset=\"https:\/\/csiaradar.com\/web\/wp-content\/uploads\/2023\/06\/WhatsApp-Image-2023-06-12-at-12.21.13-1024x684.jpeg 1024w, https:\/\/csiaradar.com\/web\/wp-content\/uploads\/2023\/06\/WhatsApp-Image-2023-06-12-at-12.21.13-300x200.jpeg 300w, https:\/\/csiaradar.com\/web\/wp-content\/uploads\/2023\/06\/WhatsApp-Image-2023-06-12-at-12.21.13-768x513.jpeg 768w, https:\/\/csiaradar.com\/web\/wp-content\/uploads\/2023\/06\/WhatsApp-Image-2023-06-12-at-12.21.13-1536x1027.jpeg 1536w, https:\/\/csiaradar.com\/web\/wp-content\/uploads\/2023\/06\/WhatsApp-Image-2023-06-12-at-12.21.13.jpeg 1616w\" sizes=\"auto, (max-width: 1024px) 100vw, 1024px\" \/><\/p>\n<p><b>\u201cMuchos ciberataques se producen por vanidad o codicia\u201d<\/b><\/p>\n<p>El \u2018CSI Radar\u2019 ha contado tambi\u00e9n con <b>Gabriel Gonz\u00e1lez<\/b>, del\u00a0 <b>Ministerio Fiscal<\/b>, quien ha abordado los <b>ciberdelitos econ\u00f3micos y contra las personas<\/b>, \u201ca las que hay que proporcionar unas nociones m\u00ednimas para salvaguardar su seguridad\u201d para no caer en ciberataques por \u201c<b>vanidad, codicia o pereza\u201d<\/b>. Del mismo modo, Gonz\u00e1lez ha abogado por adelantarse a los ciberdelincuentes para \u201cdar una soluci\u00f3n anticipada\u201d, a la vez que \u201cunificar criterios en busca de soluciones tanto para empresas como para las personas\u201d.<\/p>\n<p><img loading=\"lazy\" decoding=\"async\" class=\"aligncenter wp-image-9014 size-large\" src=\"https:\/\/csiaradar.com\/web\/wp-content\/uploads\/2023\/06\/WhatsApp-Image-2023-06-12-at-10.14.12-684x1024.jpeg\" alt=\"\" width=\"684\" height=\"1024\" srcset=\"https:\/\/csiaradar.com\/web\/wp-content\/uploads\/2023\/06\/WhatsApp-Image-2023-06-12-at-10.14.12-684x1024.jpeg 684w, https:\/\/csiaradar.com\/web\/wp-content\/uploads\/2023\/06\/WhatsApp-Image-2023-06-12-at-10.14.12-200x300.jpeg 200w, https:\/\/csiaradar.com\/web\/wp-content\/uploads\/2023\/06\/WhatsApp-Image-2023-06-12-at-10.14.12-768x1149.jpeg 768w, https:\/\/csiaradar.com\/web\/wp-content\/uploads\/2023\/06\/WhatsApp-Image-2023-06-12-at-10.14.12-1027x1536.jpeg 1027w, https:\/\/csiaradar.com\/web\/wp-content\/uploads\/2023\/06\/WhatsApp-Image-2023-06-12-at-10.14.12.jpeg 1080w\" sizes=\"auto, (max-width: 684px) 100vw, 684px\" \/><\/p>\n<p>A su vez, el Comandante <b>Teodoro L\u00f3pez Amador<\/b>, Jefe de la Secci\u00f3n de Relaciones Institucionales, Comunicaci\u00f3n P\u00fablica y Protocolo del Segundo Batall\u00f3n de Intervenci\u00f3n en Emergencias de la <b>UME<\/b>, ha mostrado el importante papel de la UME en el sector de la <b>ciberseguridad en Espa\u00f1a<\/b>: \u201cNuestra principal ocupaci\u00f3n es garantizar la funci\u00f3n operativa durante las emergencias, as\u00ed como ser una fuente fiable de informaci\u00f3n a trav\u00e9s de las redes sociales y nuestros canales de comunicaci\u00f3n\u201d, ha advertido el Comandante de la UME, unidad que<b> invierte un 60% de su presupuesto total en tecnolog\u00edas e informaci\u00f3n.<\/b><\/p>\n<p><img loading=\"lazy\" decoding=\"async\" class=\"aligncenter wp-image-9018 size-large\" src=\"https:\/\/csiaradar.com\/web\/wp-content\/uploads\/2023\/06\/WhatsApp-Image-2023-06-12-at-10.51.16-1024x684.jpeg\" alt=\"\" width=\"1024\" height=\"684\" srcset=\"https:\/\/csiaradar.com\/web\/wp-content\/uploads\/2023\/06\/WhatsApp-Image-2023-06-12-at-10.51.16-1024x684.jpeg 1024w, https:\/\/csiaradar.com\/web\/wp-content\/uploads\/2023\/06\/WhatsApp-Image-2023-06-12-at-10.51.16-300x200.jpeg 300w, https:\/\/csiaradar.com\/web\/wp-content\/uploads\/2023\/06\/WhatsApp-Image-2023-06-12-at-10.51.16-768x513.jpeg 768w, https:\/\/csiaradar.com\/web\/wp-content\/uploads\/2023\/06\/WhatsApp-Image-2023-06-12-at-10.51.16-1536x1027.jpeg 1536w, https:\/\/csiaradar.com\/web\/wp-content\/uploads\/2023\/06\/WhatsApp-Image-2023-06-12-at-10.51.16.jpeg 1616w\" sizes=\"auto, (max-width: 1024px) 100vw, 1024px\" \/><\/p>\n<p>Por su parte, <b>Mar\u00eda Medina<\/b>, Directora General de <b>Medina Media Events<\/b>, ha presentado \u2018El Observatorio\u2019: \u201cLas dos palabras que los define son \u2018observa\u2019 y \u2018con\u00e9ctate\u2019 durante las 24 horas, los 365 d\u00edas del a\u00f1o. Llevar todas esas noticias destacadas de las nuevas tecnolog\u00edas\u201d.<\/p>\n<p>Empresas como Telef\u00f3nica Tech, Tesla, ZTE, AWS, Proofpoint y \u2018El Observatorio\u2019 est\u00e1n presentes en la zona destinada a las demostraciones en el Palacio de Congresos y Exposiciones. <b>Tesla<\/b> permite a los asistentes probar varios <b>coches inteligentes de \u00faltimo modelo <\/b>en un circuito cerrado de conducci\u00f3n. Por su parte, <b>ZTE<\/b> est\u00e1 mostrando a los profesionales diferentes pr\u00e1cticas de vanguardia realizadas en los laboratorios y centros de seguridad. Adem\u00e1s, <b>AWS<\/b> cuenta con una <b>maleta transportadora que evita ciberataques<\/b>, utilizada en el conflicto de Ucrania.<\/p>\n<p><img loading=\"lazy\" decoding=\"async\" class=\"aligncenter wp-image-9016 size-large\" src=\"https:\/\/csiaradar.com\/web\/wp-content\/uploads\/2023\/06\/WhatsApp-Image-2023-06-12-at-12.19.08-1024x684.jpeg\" alt=\"\" width=\"1024\" height=\"684\" srcset=\"https:\/\/csiaradar.com\/web\/wp-content\/uploads\/2023\/06\/WhatsApp-Image-2023-06-12-at-12.19.08-1024x684.jpeg 1024w, https:\/\/csiaradar.com\/web\/wp-content\/uploads\/2023\/06\/WhatsApp-Image-2023-06-12-at-12.19.08-300x200.jpeg 300w, https:\/\/csiaradar.com\/web\/wp-content\/uploads\/2023\/06\/WhatsApp-Image-2023-06-12-at-12.19.08-768x513.jpeg 768w, https:\/\/csiaradar.com\/web\/wp-content\/uploads\/2023\/06\/WhatsApp-Image-2023-06-12-at-12.19.08-1536x1027.jpeg 1536w, https:\/\/csiaradar.com\/web\/wp-content\/uploads\/2023\/06\/WhatsApp-Image-2023-06-12-at-12.19.08.jpeg 1616w\" sizes=\"auto, (max-width: 1024px) 100vw, 1024px\" \/><\/p>\n<p>Todas las conferencias de esta jornada y las de todo el evento se pueden seguir por <b>&#8216;<\/b><a href=\"https:\/\/www.thenewtechobservatory.com\/inicio.aspx\"><b>El Observatorio<\/b><\/a><b>&#8216;, <\/b>plataforma lanzada por Medina Media Events. Esta primera edici\u00f3n del \u2018CSI Radar\u2019 est\u00e1 impulsada por <b>Telef\u00f3nica Tech, Sevilla City Office y FIBES, y cuenta con el apoyo de AWS, Proofpoint, Huawei, ZTE, IBM, Cremades &amp; Calvo-Sotelo y \u2018El Observatorio\u2019.<\/b><\/p>\n<p>El \u2018CSI Radar\u2019 se celebra desde hoy lunes hasta el pr\u00f3ximo viernes 16 de junio.\u00a0 En la <b>tarde de hoy<\/b> se contar\u00e1 con la intervenci\u00f3n de expertos del sector como la Directora de Ventas Software de <b>IBM, Isabel Trist\u00e1n;<\/b> as\u00ed como <b>Pedro \u00c1lamo<\/b>, Senior Account Manager Public Sector de<b> Proofpoint;<\/b> <b>Jes\u00fas Rodr\u00edguez<\/b>, Cybersecurity Sales Specialist-Iberia de <b>AWS<\/b>; o <b>Arancha Jim\u00e9ne<\/b>z, Responsable de Ciberseguridad Servicios y Producto de<b> Eviden<\/b>; Jos\u00e9 Capote, Cyber Security And Privacy Officer (CSPO) de <b>Huawei<\/b>; y Antonio Relvas, Director de Estrategia de Ciberseguridad de <b>ZTE<\/b>.<\/p>\n","protected":false},"excerpt":{"rendered":"<p>Mar\u00eda Jes\u00fas Almazor, CEO Ciberseguridad y Cloud de Telef\u00f3nica Tech: \u201cSi el cibercrimen fuera un pa\u00eds, ser\u00eda la tercera econom\u00eda mundial\u201d. \u00a0\u201cSe detectan 1.700 ciberataques por segundo en el mundo\u201d, afirma Almazor.\u00a0 Hoy ha arrancado \u2018CSI Radar\u2019, en el Palacio de Exposiciones y Congresos de Sevilla (FIBES). El arranque de la jornada inaugural ha contado [&hellip;]<\/p>\n","protected":false},"author":7,"featured_media":9008,"comment_status":"closed","ping_status":"closed","sticky":false,"template":"","format":"standard","meta":{"_acf_changed":false,"footnotes":""},"categories":[100],"tags":[227,226,228,269],"class_list":["post-9004","post","type-post","status-publish","format-standard","has-post-thumbnail","hentry","category-evento","tag-ciberseguridad","tag-csi-radar","tag-fibes","tag-seguridad"],"acf":[],"yoast_head":"<!-- This site is optimized with the Yoast SEO plugin v27.5 - https:\/\/yoast.com\/product\/yoast-seo-wordpress\/ -->\n<title>\u201cEl cibercrimen costar\u00e1 10,5 trillones de euros en 2025\u201d - CSI Radar<\/title>\n<meta name=\"description\" content=\"\u201cEl cibercrimen costar\u00e1 10,5 trillones de euros en 2025\u201d\" \/>\n<meta name=\"robots\" content=\"index, follow, max-snippet:-1, max-image-preview:large, max-video-preview:-1\" \/>\n<link rel=\"canonical\" href=\"https:\/\/csiaradar.com\/cybercrime-will-cost-10-5-trillion-euros-by-2025\/\" \/>\n<meta property=\"og:locale\" content=\"es_ES\" \/>\n<meta property=\"og:type\" content=\"article\" \/>\n<meta property=\"og:title\" content=\"\u201cEl cibercrimen costar\u00e1 10,5 trillones de euros en 2025\u201d - CSI Radar\" \/>\n<meta property=\"og:description\" content=\"\u201cEl cibercrimen costar\u00e1 10,5 trillones de euros en 2025\u201d\" \/>\n<meta property=\"og:url\" content=\"https:\/\/csiaradar.com\/cybercrime-will-cost-10-5-trillion-euros-by-2025\/\" \/>\n<meta property=\"og:site_name\" content=\"CSI Radar\" \/>\n<meta property=\"article:published_time\" content=\"2023-06-12T13:34:23+00:00\" \/>\n<meta property=\"og:image\" content=\"https:\/\/csiaradar.com\/web\/wp-content\/uploads\/2023\/06\/WhatsApp-Image-2023-06-12-at-14.40.01.jpeg\" \/>\n\t<meta property=\"og:image:width\" content=\"1616\" \/>\n\t<meta property=\"og:image:height\" content=\"1080\" \/>\n\t<meta property=\"og:image:type\" content=\"image\/jpeg\" \/>\n<meta name=\"author\" content=\"MME\" \/>\n<meta name=\"twitter:card\" content=\"summary_large_image\" \/>\n<meta name=\"twitter:label1\" content=\"Escrito por\" \/>\n\t<meta name=\"twitter:data1\" content=\"MME\" \/>\n\t<meta name=\"twitter:label2\" content=\"Tiempo de lectura\" \/>\n\t<meta name=\"twitter:data2\" content=\"5 minutos\" \/>\n<script type=\"application\/ld+json\" class=\"yoast-schema-graph\">{\"@context\":\"https:\\\/\\\/schema.org\",\"@graph\":[{\"@type\":\"Article\",\"@id\":\"https:\\\/\\\/csiaradar.com\\\/cybercrime-will-cost-10-5-trillion-euros-by-2025\\\/#article\",\"isPartOf\":{\"@id\":\"https:\\\/\\\/csiaradar.com\\\/cybercrime-will-cost-10-5-trillion-euros-by-2025\\\/\"},\"author\":{\"name\":\"MME\",\"@id\":\"https:\\\/\\\/csiaradar.com\\\/#\\\/schema\\\/person\\\/d3ac8a54c8020e3f50f5f0a4a7dd72da\"},\"headline\":\"\u201cEl cibercrimen costar\u00e1 10,5 trillones de euros en 2025\u201d\",\"datePublished\":\"2023-06-12T13:34:23+00:00\",\"mainEntityOfPage\":{\"@id\":\"https:\\\/\\\/csiaradar.com\\\/cybercrime-will-cost-10-5-trillion-euros-by-2025\\\/\"},\"wordCount\":914,\"publisher\":{\"@id\":\"https:\\\/\\\/csiaradar.com\\\/#organization\"},\"image\":{\"@id\":\"https:\\\/\\\/csiaradar.com\\\/cybercrime-will-cost-10-5-trillion-euros-by-2025\\\/#primaryimage\"},\"thumbnailUrl\":\"https:\\\/\\\/csiaradar.com\\\/web\\\/wp-content\\\/uploads\\\/2023\\\/06\\\/WhatsApp-Image-2023-06-12-at-14.40.01.jpeg\",\"keywords\":[\"ciberseguridad\",\"csi radar\",\"fibes\",\"seguridad\"],\"articleSection\":[\"Evento\"],\"inLanguage\":\"es\"},{\"@type\":\"WebPage\",\"@id\":\"https:\\\/\\\/csiaradar.com\\\/cybercrime-will-cost-10-5-trillion-euros-by-2025\\\/\",\"url\":\"https:\\\/\\\/csiaradar.com\\\/cybercrime-will-cost-10-5-trillion-euros-by-2025\\\/\",\"name\":\"\u201cEl cibercrimen costar\u00e1 10,5 trillones de euros en 2025\u201d - CSI Radar\",\"isPartOf\":{\"@id\":\"https:\\\/\\\/csiaradar.com\\\/#website\"},\"primaryImageOfPage\":{\"@id\":\"https:\\\/\\\/csiaradar.com\\\/cybercrime-will-cost-10-5-trillion-euros-by-2025\\\/#primaryimage\"},\"image\":{\"@id\":\"https:\\\/\\\/csiaradar.com\\\/cybercrime-will-cost-10-5-trillion-euros-by-2025\\\/#primaryimage\"},\"thumbnailUrl\":\"https:\\\/\\\/csiaradar.com\\\/web\\\/wp-content\\\/uploads\\\/2023\\\/06\\\/WhatsApp-Image-2023-06-12-at-14.40.01.jpeg\",\"datePublished\":\"2023-06-12T13:34:23+00:00\",\"description\":\"\u201cEl cibercrimen costar\u00e1 10,5 trillones de euros en 2025\u201d\",\"breadcrumb\":{\"@id\":\"https:\\\/\\\/csiaradar.com\\\/cybercrime-will-cost-10-5-trillion-euros-by-2025\\\/#breadcrumb\"},\"inLanguage\":\"es\",\"potentialAction\":[{\"@type\":\"ReadAction\",\"target\":[\"https:\\\/\\\/csiaradar.com\\\/cybercrime-will-cost-10-5-trillion-euros-by-2025\\\/\"]}]},{\"@type\":\"ImageObject\",\"inLanguage\":\"es\",\"@id\":\"https:\\\/\\\/csiaradar.com\\\/cybercrime-will-cost-10-5-trillion-euros-by-2025\\\/#primaryimage\",\"url\":\"https:\\\/\\\/csiaradar.com\\\/web\\\/wp-content\\\/uploads\\\/2023\\\/06\\\/WhatsApp-Image-2023-06-12-at-14.40.01.jpeg\",\"contentUrl\":\"https:\\\/\\\/csiaradar.com\\\/web\\\/wp-content\\\/uploads\\\/2023\\\/06\\\/WhatsApp-Image-2023-06-12-at-14.40.01.jpeg\",\"width\":1616,\"height\":1080},{\"@type\":\"BreadcrumbList\",\"@id\":\"https:\\\/\\\/csiaradar.com\\\/cybercrime-will-cost-10-5-trillion-euros-by-2025\\\/#breadcrumb\",\"itemListElement\":[{\"@type\":\"ListItem\",\"position\":1,\"name\":\"Portada\",\"item\":\"https:\\\/\\\/csiaradar.com\\\/es\\\/\"},{\"@type\":\"ListItem\",\"position\":2,\"name\":\"\u201cEl cibercrimen costar\u00e1 10,5 trillones de euros en 2025\u201d\"}]},{\"@type\":\"WebSite\",\"@id\":\"https:\\\/\\\/csiaradar.com\\\/#website\",\"url\":\"https:\\\/\\\/csiaradar.com\\\/\",\"name\":\"CSI Radar\",\"description\":\"Cyber Security International\",\"publisher\":{\"@id\":\"https:\\\/\\\/csiaradar.com\\\/#organization\"},\"potentialAction\":[{\"@type\":\"SearchAction\",\"target\":{\"@type\":\"EntryPoint\",\"urlTemplate\":\"https:\\\/\\\/csiaradar.com\\\/?s={search_term_string}\"},\"query-input\":{\"@type\":\"PropertyValueSpecification\",\"valueRequired\":true,\"valueName\":\"search_term_string\"}}],\"inLanguage\":\"es\"},{\"@type\":\"Organization\",\"@id\":\"https:\\\/\\\/csiaradar.com\\\/#organization\",\"name\":\"SUTUS\",\"url\":\"https:\\\/\\\/csiaradar.com\\\/\",\"logo\":{\"@type\":\"ImageObject\",\"inLanguage\":\"es\",\"@id\":\"https:\\\/\\\/csiaradar.com\\\/#\\\/schema\\\/logo\\\/image\\\/\",\"url\":\"https:\\\/\\\/csiaradar.com\\\/web\\\/wp-content\\\/uploads\\\/2019\\\/01\\\/sutuscolor.png\",\"contentUrl\":\"https:\\\/\\\/csiaradar.com\\\/web\\\/wp-content\\\/uploads\\\/2019\\\/01\\\/sutuscolor.png\",\"width\":268,\"height\":85,\"caption\":\"SUTUS\"},\"image\":{\"@id\":\"https:\\\/\\\/csiaradar.com\\\/#\\\/schema\\\/logo\\\/image\\\/\"}},{\"@type\":\"Person\",\"@id\":\"https:\\\/\\\/csiaradar.com\\\/#\\\/schema\\\/person\\\/d3ac8a54c8020e3f50f5f0a4a7dd72da\",\"name\":\"MME\"}]}<\/script>\n<!-- \/ Yoast SEO plugin. -->","yoast_head_json":{"title":"\u201cEl cibercrimen costar\u00e1 10,5 trillones de euros en 2025\u201d - CSI Radar","description":"\u201cEl cibercrimen costar\u00e1 10,5 trillones de euros en 2025\u201d","robots":{"index":"index","follow":"follow","max-snippet":"max-snippet:-1","max-image-preview":"max-image-preview:large","max-video-preview":"max-video-preview:-1"},"canonical":"https:\/\/csiaradar.com\/cybercrime-will-cost-10-5-trillion-euros-by-2025\/","og_locale":"es_ES","og_type":"article","og_title":"\u201cEl cibercrimen costar\u00e1 10,5 trillones de euros en 2025\u201d - CSI Radar","og_description":"\u201cEl cibercrimen costar\u00e1 10,5 trillones de euros en 2025\u201d","og_url":"https:\/\/csiaradar.com\/cybercrime-will-cost-10-5-trillion-euros-by-2025\/","og_site_name":"CSI Radar","article_published_time":"2023-06-12T13:34:23+00:00","og_image":[{"width":1616,"height":1080,"url":"https:\/\/csiaradar.com\/web\/wp-content\/uploads\/2023\/06\/WhatsApp-Image-2023-06-12-at-14.40.01.jpeg","type":"image\/jpeg"}],"author":"MME","twitter_card":"summary_large_image","twitter_misc":{"Escrito por":"MME","Tiempo de lectura":"5 minutos"},"schema":{"@context":"https:\/\/schema.org","@graph":[{"@type":"Article","@id":"https:\/\/csiaradar.com\/cybercrime-will-cost-10-5-trillion-euros-by-2025\/#article","isPartOf":{"@id":"https:\/\/csiaradar.com\/cybercrime-will-cost-10-5-trillion-euros-by-2025\/"},"author":{"name":"MME","@id":"https:\/\/csiaradar.com\/#\/schema\/person\/d3ac8a54c8020e3f50f5f0a4a7dd72da"},"headline":"\u201cEl cibercrimen costar\u00e1 10,5 trillones de euros en 2025\u201d","datePublished":"2023-06-12T13:34:23+00:00","mainEntityOfPage":{"@id":"https:\/\/csiaradar.com\/cybercrime-will-cost-10-5-trillion-euros-by-2025\/"},"wordCount":914,"publisher":{"@id":"https:\/\/csiaradar.com\/#organization"},"image":{"@id":"https:\/\/csiaradar.com\/cybercrime-will-cost-10-5-trillion-euros-by-2025\/#primaryimage"},"thumbnailUrl":"https:\/\/csiaradar.com\/web\/wp-content\/uploads\/2023\/06\/WhatsApp-Image-2023-06-12-at-14.40.01.jpeg","keywords":["ciberseguridad","csi radar","fibes","seguridad"],"articleSection":["Evento"],"inLanguage":"es"},{"@type":"WebPage","@id":"https:\/\/csiaradar.com\/cybercrime-will-cost-10-5-trillion-euros-by-2025\/","url":"https:\/\/csiaradar.com\/cybercrime-will-cost-10-5-trillion-euros-by-2025\/","name":"\u201cEl cibercrimen costar\u00e1 10,5 trillones de euros en 2025\u201d - CSI Radar","isPartOf":{"@id":"https:\/\/csiaradar.com\/#website"},"primaryImageOfPage":{"@id":"https:\/\/csiaradar.com\/cybercrime-will-cost-10-5-trillion-euros-by-2025\/#primaryimage"},"image":{"@id":"https:\/\/csiaradar.com\/cybercrime-will-cost-10-5-trillion-euros-by-2025\/#primaryimage"},"thumbnailUrl":"https:\/\/csiaradar.com\/web\/wp-content\/uploads\/2023\/06\/WhatsApp-Image-2023-06-12-at-14.40.01.jpeg","datePublished":"2023-06-12T13:34:23+00:00","description":"\u201cEl cibercrimen costar\u00e1 10,5 trillones de euros en 2025\u201d","breadcrumb":{"@id":"https:\/\/csiaradar.com\/cybercrime-will-cost-10-5-trillion-euros-by-2025\/#breadcrumb"},"inLanguage":"es","potentialAction":[{"@type":"ReadAction","target":["https:\/\/csiaradar.com\/cybercrime-will-cost-10-5-trillion-euros-by-2025\/"]}]},{"@type":"ImageObject","inLanguage":"es","@id":"https:\/\/csiaradar.com\/cybercrime-will-cost-10-5-trillion-euros-by-2025\/#primaryimage","url":"https:\/\/csiaradar.com\/web\/wp-content\/uploads\/2023\/06\/WhatsApp-Image-2023-06-12-at-14.40.01.jpeg","contentUrl":"https:\/\/csiaradar.com\/web\/wp-content\/uploads\/2023\/06\/WhatsApp-Image-2023-06-12-at-14.40.01.jpeg","width":1616,"height":1080},{"@type":"BreadcrumbList","@id":"https:\/\/csiaradar.com\/cybercrime-will-cost-10-5-trillion-euros-by-2025\/#breadcrumb","itemListElement":[{"@type":"ListItem","position":1,"name":"Portada","item":"https:\/\/csiaradar.com\/es\/"},{"@type":"ListItem","position":2,"name":"\u201cEl cibercrimen costar\u00e1 10,5 trillones de euros en 2025\u201d"}]},{"@type":"WebSite","@id":"https:\/\/csiaradar.com\/#website","url":"https:\/\/csiaradar.com\/","name":"CSI Radar","description":"Cyber Security International","publisher":{"@id":"https:\/\/csiaradar.com\/#organization"},"potentialAction":[{"@type":"SearchAction","target":{"@type":"EntryPoint","urlTemplate":"https:\/\/csiaradar.com\/?s={search_term_string}"},"query-input":{"@type":"PropertyValueSpecification","valueRequired":true,"valueName":"search_term_string"}}],"inLanguage":"es"},{"@type":"Organization","@id":"https:\/\/csiaradar.com\/#organization","name":"SUTUS","url":"https:\/\/csiaradar.com\/","logo":{"@type":"ImageObject","inLanguage":"es","@id":"https:\/\/csiaradar.com\/#\/schema\/logo\/image\/","url":"https:\/\/csiaradar.com\/web\/wp-content\/uploads\/2019\/01\/sutuscolor.png","contentUrl":"https:\/\/csiaradar.com\/web\/wp-content\/uploads\/2019\/01\/sutuscolor.png","width":268,"height":85,"caption":"SUTUS"},"image":{"@id":"https:\/\/csiaradar.com\/#\/schema\/logo\/image\/"}},{"@type":"Person","@id":"https:\/\/csiaradar.com\/#\/schema\/person\/d3ac8a54c8020e3f50f5f0a4a7dd72da","name":"MME"}]}},"_links":{"self":[{"href":"https:\/\/csiaradar.com\/es\/wp-json\/wp\/v2\/posts\/9004","targetHints":{"allow":["GET"]}}],"collection":[{"href":"https:\/\/csiaradar.com\/es\/wp-json\/wp\/v2\/posts"}],"about":[{"href":"https:\/\/csiaradar.com\/es\/wp-json\/wp\/v2\/types\/post"}],"author":[{"embeddable":true,"href":"https:\/\/csiaradar.com\/es\/wp-json\/wp\/v2\/users\/7"}],"replies":[{"embeddable":true,"href":"https:\/\/csiaradar.com\/es\/wp-json\/wp\/v2\/comments?post=9004"}],"version-history":[{"count":0,"href":"https:\/\/csiaradar.com\/es\/wp-json\/wp\/v2\/posts\/9004\/revisions"}],"wp:featuredmedia":[{"embeddable":true,"href":"https:\/\/csiaradar.com\/es\/wp-json\/wp\/v2\/media\/9008"}],"wp:attachment":[{"href":"https:\/\/csiaradar.com\/es\/wp-json\/wp\/v2\/media?parent=9004"}],"wp:term":[{"taxonomy":"category","embeddable":true,"href":"https:\/\/csiaradar.com\/es\/wp-json\/wp\/v2\/categories?post=9004"},{"taxonomy":"post_tag","embeddable":true,"href":"https:\/\/csiaradar.com\/es\/wp-json\/wp\/v2\/tags?post=9004"}],"curies":[{"name":"wp","href":"https:\/\/api.w.org\/{rel}","templated":true}]}}